{"id":2224,"date":"2017-07-07T11:05:37","date_gmt":"2017-07-07T11:05:37","guid":{"rendered":"https:\/\/darkslategrey-ape-696608.hostingersite.com\/?p=2224\/"},"modified":"2017-07-07T11:05:37","modified_gmt":"2017-07-07T09:05:37","slug":"2017ko-plentziako-historia-jardunaldiak-plentziako-artea-bideak-eta-errituak","status":"publish","type":"post","link":"https:\/\/visitplentzia.eus\/eu\/2017ko-plentziako-historia-jardunaldiak-plentziako-artea-bideak-eta-errituak\/","title":{"rendered":"2017ko Plentziako Historia Jardunaldiak: Plentziako artea, bideak eta errituak"},"content":{"rendered":"<p>Jardunaldi hauen helburua XIX. mende amaieran eman zen aldaketa aztertzea izango da, Bilboko trenaren etorreraren aurretik (1898), eskualdeko kultura aurreindustrialaren gainbehera hasi zenean; kofradia eta Andra Mariren erritu erlijiosoak bertan behera utzi ziren, udatiarrak eta tokiko artistak edertasun naturalak baloratzen hasi ziren, hiribildura zetozen bideak hobetu ziren\u2026<\/p>\n<p><strong>Ordua:<\/strong> 19:00<br \/>\n<strong>Datak:<\/strong> 2017\/07\/11 &#8211; 2017\/07\/13<br \/>\n<strong>Tokia:<\/strong> \u201cGo\u00f1i Portal\u201d Kultura Etxea. Kale barria, 2<\/p>\n<p><strong>Egitaraua<\/strong><\/p>\n<p><strong>2017ko uztailaren 11a, asteartea<\/strong><\/p>\n<p>19:00: Aurkezpena<\/p>\n<ul>\n<li>David CRESTELO. Plentziako Alkatea<\/li>\n<li>Rosa Miren PAGOLA. Eusko Ikaskuntzaren Bizkaiko Lehendakariordea<\/li>\n<li>Gonzalo DUO. Jardunaldien koordinatzailea<\/li>\n<\/ul>\n<p>19:30: Komunikazioak<\/p>\n<ul>\n<li>Gorliz y Plentzia entre los ss. XIX y XX. J.S. Bilbao y Lopategui. La arquitectura de su generaci\u00f3n.\n<ul>\n<li>Mar\u00eda Jes\u00fas PACHO. UPV\/EHU<\/li>\n<\/ul>\n<\/li>\n<li>Plentzia en el Arte. Artistas de Plentzia.\n<ul>\n<li>Javier Novo. Museo de Bellas Artes de Bilbao<\/li>\n<\/ul>\n<\/li>\n<\/ul>\n<p><strong>2017ko uztailaren 12a, asteazkena<\/strong><\/p>\n<p>19:00: Komunikazioak<\/p>\n<ul>\n<li>Caminos de Plentzia antes de 1898.\n<ul>\n<li>Urdin Elortza. Especializado en senderismo<\/li>\n<\/ul>\n<\/li>\n<\/ul>\n<ul>\n<li>La ermita de Andra Mari (Gorliz). Una interpretaci\u00f3n desde la Antropolog\u00eda Cultural y del fen\u00f3meno religioso\n<ul>\n<li>Gonzalo Duo. Eusko Ikaskuntza<\/li>\n<\/ul>\n<\/li>\n<\/ul>\n<p><strong>2017ko uztailaren 13a, osteguna<\/strong><\/p>\n<p>19:00: Estudios de la Comisi\u00f3n de Etnograf\u00eda del Museo de Plentzia<\/p>\n<ul>\n<li>Toponim\u00eda de Plentzia\n<ul>\n<li>Patxi Gal\u00e9. Euskaltzaindia<\/li>\n<\/ul>\n<\/li>\n<li>Patrimonio edificado de Plentzia\n<ul>\n<li>Josu Larra\u00f1aga. Mancomunidad del Txorierri<\/li>\n<\/ul>\n<\/li>\n<li>Patrimonio mar\u00edtimo de Plentzia\n<ul>\n<li>Gonzalo D\u00fao. Eusko Ikaskuntza<\/li>\n<\/ul>\n<\/li>\n<li>Aplicaciones inform\u00e1ticas para un mapa cultural de Plentzia, Barrika y Gorliz\n<ul>\n<li>V\u00edctor Lobato. Iberm\u00e1tica<\/li>\n<\/ul>\n<\/li>\n<\/ul>\n<p>Presentaci\u00f3n del Bolet\u00edn \u201cLarraganena\u201d de la Comisi\u00f3n de Etnograf\u00eda del Museo de Plentzia.<\/p>\n<p><a href=\"http:\/\/www.plentzia.org\/eu-ES\/Albisteak\/Documents\/DEFmasbaja_programa_Plentzia_2017.pdf\">Egitaraua jeitsi. PDF 397KB<\/a><\/p>\n","protected":false},"excerpt":{"rendered":"<p>Jardunaldi hauen helburua XIX. mende amaieran eman zen aldaketa aztertzea izango da, Bilboko trenaren etorreraren aurretik (1898), eskualdeko kultura aurreindustrialaren gainbehera hasi zenean; kofradia eta Andra Mariren erritu erlijiosoak bertan behera utzi ziren, udatiarrak eta tokiko artistak edertasun naturalak baloratzen hasi ziren, hiribildura zetozen bideak hobetu ziren\u2026 Ordua: 19:00 Datak: 2017\/07\/11 &#8211; 2017\/07\/13 Tokia: \u201cGo\u00f1i [&hellip;]<\/p>\n","protected":false},"author":2,"featured_media":0,"comment_status":"open","ping_status":"open","sticky":false,"template":"","format":"standard","meta":{"_genesis_hide_title":false,"_genesis_hide_breadcrumbs":false,"_genesis_hide_singular_image":false,"_genesis_hide_footer_widgets":false,"_genesis_custom_body_class":"","_genesis_custom_post_class":"","_genesis_layout":"","footnotes":""},"categories":[51,55],"tags":[],"class_list":{"0":"post-2224","1":"post","2":"type-post","3":"status-publish","4":"format-standard","6":"category-cultura","7":"category-kultura","8":"entry"},"acf":[],"yoast_head":"<!-- This site is optimized with the Yoast SEO plugin v27.4 - https:\/\/yoast.com\/product\/yoast-seo-wordpress\/ -->\n<title>2017ko Plentziako Historia Jardunaldiak: Plentziako artea, bideak eta errituak - Turismo Plentzia<\/title>\n<meta name=\"robots\" content=\"index, follow, max-snippet:-1, max-image-preview:large, max-video-preview:-1\" \/>\n<link rel=\"canonical\" href=\"https:\/\/visitplentzia.eus\/eu\/2017ko-plentziako-historia-jardunaldiak-plentziako-artea-bideak-eta-errituak\/\" \/>\n<meta property=\"og:locale\" content=\"eu_ES\" \/>\n<meta property=\"og:type\" content=\"article\" \/>\n<meta property=\"og:title\" content=\"2017ko Plentziako Historia Jardunaldiak: Plentziako artea, bideak eta errituak - Turismo Plentzia\" \/>\n<meta property=\"og:description\" content=\"Jardunaldi hauen helburua XIX. mende amaieran eman zen aldaketa aztertzea izango da, Bilboko trenaren etorreraren aurretik (1898), eskualdeko kultura aurreindustrialaren gainbehera hasi zenean; kofradia eta Andra Mariren erritu erlijiosoak bertan behera utzi ziren, udatiarrak eta tokiko artistak edertasun naturalak baloratzen hasi ziren, hiribildura zetozen bideak hobetu ziren\u2026 Ordua: 19:00 Datak: 2017\/07\/11 &#8211; 2017\/07\/13 Tokia: \u201cGo\u00f1i [&hellip;]\" \/>\n<meta property=\"og:url\" content=\"https:\/\/visitplentzia.eus\/eu\/2017ko-plentziako-historia-jardunaldiak-plentziako-artea-bideak-eta-errituak\/\" \/>\n<meta property=\"og:site_name\" content=\"Turismo Plentzia\" \/>\n<meta property=\"article:published_time\" content=\"2017-07-07T11:05:37+00:00\" \/>\n<meta name=\"author\" content=\"Turismo Plentzia\" \/>\n<meta name=\"twitter:card\" content=\"summary_large_image\" \/>\n<meta name=\"twitter:label1\" content=\"Written by\" \/>\n\t<meta name=\"twitter:data1\" content=\"Turismo Plentzia\" \/>\n\t<meta name=\"twitter:label2\" content=\"Est. reading time\" \/>\n\t<meta name=\"twitter:data2\" content=\"1 minute\" \/>\n<script type=\"application\/ld+json\" class=\"yoast-schema-graph\">{\"@context\":\"https:\\\/\\\/schema.org\",\"@graph\":[{\"@type\":\"Article\",\"@id\":\"https:\\\/\\\/visitplentzia.eus\\\/eu\\\/2017ko-plentziako-historia-jardunaldiak-plentziako-artea-bideak-eta-errituak\\\/#article\",\"isPartOf\":{\"@id\":\"https:\\\/\\\/visitplentzia.eus\\\/eu\\\/2017ko-plentziako-historia-jardunaldiak-plentziako-artea-bideak-eta-errituak\\\/\"},\"author\":{\"name\":\"Turismo Plentzia\",\"@id\":\"https:\\\/\\\/visitplentzia.eus\\\/eu\\\/#\\\/schema\\\/person\\\/bb73c914beebdd5f56a8b848559bd1a6\"},\"headline\":\"2017ko Plentziako Historia Jardunaldiak: Plentziako artea, bideak eta errituak\",\"datePublished\":\"2017-07-07T11:05:37+00:00\",\"mainEntityOfPage\":{\"@id\":\"https:\\\/\\\/visitplentzia.eus\\\/eu\\\/2017ko-plentziako-historia-jardunaldiak-plentziako-artea-bideak-eta-errituak\\\/\"},\"wordCount\":249,\"commentCount\":0,\"publisher\":{\"@id\":\"https:\\\/\\\/visitplentzia.eus\\\/eu\\\/#organization\"},\"articleSection\":[\"Cultura\",\"Kultura\"],\"inLanguage\":\"eu-ES\",\"potentialAction\":[{\"@type\":\"CommentAction\",\"name\":\"Comment\",\"target\":[\"https:\\\/\\\/visitplentzia.eus\\\/eu\\\/2017ko-plentziako-historia-jardunaldiak-plentziako-artea-bideak-eta-errituak\\\/#respond\"]}]},{\"@type\":\"WebPage\",\"@id\":\"https:\\\/\\\/visitplentzia.eus\\\/eu\\\/2017ko-plentziako-historia-jardunaldiak-plentziako-artea-bideak-eta-errituak\\\/\",\"url\":\"https:\\\/\\\/visitplentzia.eus\\\/eu\\\/2017ko-plentziako-historia-jardunaldiak-plentziako-artea-bideak-eta-errituak\\\/\",\"name\":\"2017ko Plentziako Historia Jardunaldiak: Plentziako artea, bideak eta errituak - Turismo Plentzia\",\"isPartOf\":{\"@id\":\"https:\\\/\\\/visitplentzia.eus\\\/eu\\\/#website\"},\"datePublished\":\"2017-07-07T11:05:37+00:00\",\"breadcrumb\":{\"@id\":\"https:\\\/\\\/visitplentzia.eus\\\/eu\\\/2017ko-plentziako-historia-jardunaldiak-plentziako-artea-bideak-eta-errituak\\\/#breadcrumb\"},\"inLanguage\":\"eu-ES\",\"potentialAction\":[{\"@type\":\"ReadAction\",\"target\":[\"https:\\\/\\\/visitplentzia.eus\\\/eu\\\/2017ko-plentziako-historia-jardunaldiak-plentziako-artea-bideak-eta-errituak\\\/\"]}]},{\"@type\":\"BreadcrumbList\",\"@id\":\"https:\\\/\\\/visitplentzia.eus\\\/eu\\\/2017ko-plentziako-historia-jardunaldiak-plentziako-artea-bideak-eta-errituak\\\/#breadcrumb\",\"itemListElement\":[{\"@type\":\"ListItem\",\"position\":1,\"name\":\"Home\",\"item\":\"https:\\\/\\\/visitplentzia.eus\\\/eu\\\/\"},{\"@type\":\"ListItem\",\"position\":2,\"name\":\"2017ko Plentziako Historia Jardunaldiak: Plentziako artea, bideak eta errituak\"}]},{\"@type\":\"WebSite\",\"@id\":\"https:\\\/\\\/visitplentzia.eus\\\/eu\\\/#website\",\"url\":\"https:\\\/\\\/visitplentzia.eus\\\/eu\\\/\",\"name\":\"Turismo Plentzia\",\"description\":\"P\u00e1gina oficial de Turismo Plentzia. Visita su hermosa R\u00eda, su bella playa, su puerto y su pintoresco casco antiguo\",\"publisher\":{\"@id\":\"https:\\\/\\\/visitplentzia.eus\\\/eu\\\/#organization\"},\"alternateName\":\"Turismo Plentzia\",\"potentialAction\":[{\"@type\":\"SearchAction\",\"target\":{\"@type\":\"EntryPoint\",\"urlTemplate\":\"https:\\\/\\\/visitplentzia.eus\\\/eu\\\/?s={search_term_string}\"},\"query-input\":{\"@type\":\"PropertyValueSpecification\",\"valueRequired\":true,\"valueName\":\"search_term_string\"}}],\"inLanguage\":\"eu-ES\"},{\"@type\":\"Organization\",\"@id\":\"https:\\\/\\\/visitplentzia.eus\\\/eu\\\/#organization\",\"name\":\"Plentzia turismo\",\"url\":\"https:\\\/\\\/visitplentzia.eus\\\/eu\\\/\",\"logo\":{\"@type\":\"ImageObject\",\"inLanguage\":\"eu-ES\",\"@id\":\"https:\\\/\\\/visitplentzia.eus\\\/eu\\\/#\\\/schema\\\/logo\\\/image\\\/\",\"url\":\"https:\\\/\\\/visitplentzia.eus\\\/wp-content\\\/uploads\\\/2023\\\/04\\\/logo-plentzia.png\",\"contentUrl\":\"https:\\\/\\\/visitplentzia.eus\\\/wp-content\\\/uploads\\\/2023\\\/04\\\/logo-plentzia.png\",\"width\":130,\"height\":117,\"caption\":\"Plentzia turismo\"},\"image\":{\"@id\":\"https:\\\/\\\/visitplentzia.eus\\\/eu\\\/#\\\/schema\\\/logo\\\/image\\\/\"}},{\"@type\":\"Person\",\"@id\":\"https:\\\/\\\/visitplentzia.eus\\\/eu\\\/#\\\/schema\\\/person\\\/bb73c914beebdd5f56a8b848559bd1a6\",\"name\":\"Turismo Plentzia\",\"image\":{\"@type\":\"ImageObject\",\"inLanguage\":\"eu-ES\",\"@id\":\"https:\\\/\\\/secure.gravatar.com\\\/avatar\\\/9763364630c91ae0a11acac782c4fcb1feb4727aad87a45fe4895f5bd7ae9996?s=96&d=mm&r=g\",\"url\":\"https:\\\/\\\/secure.gravatar.com\\\/avatar\\\/9763364630c91ae0a11acac782c4fcb1feb4727aad87a45fe4895f5bd7ae9996?s=96&d=mm&r=g\",\"contentUrl\":\"https:\\\/\\\/secure.gravatar.com\\\/avatar\\\/9763364630c91ae0a11acac782c4fcb1feb4727aad87a45fe4895f5bd7ae9996?s=96&d=mm&r=g\",\"caption\":\"Turismo Plentzia\"},\"url\":\"https:\\\/\\\/visitplentzia.eus\\\/eu\\\/author\\\/turismoplentzia\\\/\"}]}<\/script>\n<!-- \/ Yoast SEO plugin. -->","yoast_head_json":{"title":"2017ko Plentziako Historia Jardunaldiak: Plentziako artea, bideak eta errituak - Turismo Plentzia","robots":{"index":"index","follow":"follow","max-snippet":"max-snippet:-1","max-image-preview":"max-image-preview:large","max-video-preview":"max-video-preview:-1"},"canonical":"https:\/\/visitplentzia.eus\/eu\/2017ko-plentziako-historia-jardunaldiak-plentziako-artea-bideak-eta-errituak\/","og_locale":"eu_ES","og_type":"article","og_title":"2017ko Plentziako Historia Jardunaldiak: Plentziako artea, bideak eta errituak - Turismo Plentzia","og_description":"Jardunaldi hauen helburua XIX. mende amaieran eman zen aldaketa aztertzea izango da, Bilboko trenaren etorreraren aurretik (1898), eskualdeko kultura aurreindustrialaren gainbehera hasi zenean; kofradia eta Andra Mariren erritu erlijiosoak bertan behera utzi ziren, udatiarrak eta tokiko artistak edertasun naturalak baloratzen hasi ziren, hiribildura zetozen bideak hobetu ziren\u2026 Ordua: 19:00 Datak: 2017\/07\/11 &#8211; 2017\/07\/13 Tokia: \u201cGo\u00f1i [&hellip;]","og_url":"https:\/\/visitplentzia.eus\/eu\/2017ko-plentziako-historia-jardunaldiak-plentziako-artea-bideak-eta-errituak\/","og_site_name":"Turismo Plentzia","article_published_time":"2017-07-07T11:05:37+00:00","author":"Turismo Plentzia","twitter_card":"summary_large_image","twitter_misc":{"Written by":"Turismo Plentzia","Est. reading time":"1 minute"},"schema":{"@context":"https:\/\/schema.org","@graph":[{"@type":"Article","@id":"https:\/\/visitplentzia.eus\/eu\/2017ko-plentziako-historia-jardunaldiak-plentziako-artea-bideak-eta-errituak\/#article","isPartOf":{"@id":"https:\/\/visitplentzia.eus\/eu\/2017ko-plentziako-historia-jardunaldiak-plentziako-artea-bideak-eta-errituak\/"},"author":{"name":"Turismo Plentzia","@id":"https:\/\/visitplentzia.eus\/eu\/#\/schema\/person\/bb73c914beebdd5f56a8b848559bd1a6"},"headline":"2017ko Plentziako Historia Jardunaldiak: Plentziako artea, bideak eta errituak","datePublished":"2017-07-07T11:05:37+00:00","mainEntityOfPage":{"@id":"https:\/\/visitplentzia.eus\/eu\/2017ko-plentziako-historia-jardunaldiak-plentziako-artea-bideak-eta-errituak\/"},"wordCount":249,"commentCount":0,"publisher":{"@id":"https:\/\/visitplentzia.eus\/eu\/#organization"},"articleSection":["Cultura","Kultura"],"inLanguage":"eu-ES","potentialAction":[{"@type":"CommentAction","name":"Comment","target":["https:\/\/visitplentzia.eus\/eu\/2017ko-plentziako-historia-jardunaldiak-plentziako-artea-bideak-eta-errituak\/#respond"]}]},{"@type":"WebPage","@id":"https:\/\/visitplentzia.eus\/eu\/2017ko-plentziako-historia-jardunaldiak-plentziako-artea-bideak-eta-errituak\/","url":"https:\/\/visitplentzia.eus\/eu\/2017ko-plentziako-historia-jardunaldiak-plentziako-artea-bideak-eta-errituak\/","name":"2017ko Plentziako Historia Jardunaldiak: Plentziako artea, bideak eta errituak - Turismo Plentzia","isPartOf":{"@id":"https:\/\/visitplentzia.eus\/eu\/#website"},"datePublished":"2017-07-07T11:05:37+00:00","breadcrumb":{"@id":"https:\/\/visitplentzia.eus\/eu\/2017ko-plentziako-historia-jardunaldiak-plentziako-artea-bideak-eta-errituak\/#breadcrumb"},"inLanguage":"eu-ES","potentialAction":[{"@type":"ReadAction","target":["https:\/\/visitplentzia.eus\/eu\/2017ko-plentziako-historia-jardunaldiak-plentziako-artea-bideak-eta-errituak\/"]}]},{"@type":"BreadcrumbList","@id":"https:\/\/visitplentzia.eus\/eu\/2017ko-plentziako-historia-jardunaldiak-plentziako-artea-bideak-eta-errituak\/#breadcrumb","itemListElement":[{"@type":"ListItem","position":1,"name":"Home","item":"https:\/\/visitplentzia.eus\/eu\/"},{"@type":"ListItem","position":2,"name":"2017ko Plentziako Historia Jardunaldiak: Plentziako artea, bideak eta errituak"}]},{"@type":"WebSite","@id":"https:\/\/visitplentzia.eus\/eu\/#website","url":"https:\/\/visitplentzia.eus\/eu\/","name":"Turismo Plentzia","description":"P\u00e1gina oficial de Turismo Plentzia. Visita su hermosa R\u00eda, su bella playa, su puerto y su pintoresco casco antiguo","publisher":{"@id":"https:\/\/visitplentzia.eus\/eu\/#organization"},"alternateName":"Turismo Plentzia","potentialAction":[{"@type":"SearchAction","target":{"@type":"EntryPoint","urlTemplate":"https:\/\/visitplentzia.eus\/eu\/?s={search_term_string}"},"query-input":{"@type":"PropertyValueSpecification","valueRequired":true,"valueName":"search_term_string"}}],"inLanguage":"eu-ES"},{"@type":"Organization","@id":"https:\/\/visitplentzia.eus\/eu\/#organization","name":"Plentzia turismo","url":"https:\/\/visitplentzia.eus\/eu\/","logo":{"@type":"ImageObject","inLanguage":"eu-ES","@id":"https:\/\/visitplentzia.eus\/eu\/#\/schema\/logo\/image\/","url":"https:\/\/visitplentzia.eus\/wp-content\/uploads\/2023\/04\/logo-plentzia.png","contentUrl":"https:\/\/visitplentzia.eus\/wp-content\/uploads\/2023\/04\/logo-plentzia.png","width":130,"height":117,"caption":"Plentzia turismo"},"image":{"@id":"https:\/\/visitplentzia.eus\/eu\/#\/schema\/logo\/image\/"}},{"@type":"Person","@id":"https:\/\/visitplentzia.eus\/eu\/#\/schema\/person\/bb73c914beebdd5f56a8b848559bd1a6","name":"Turismo Plentzia","image":{"@type":"ImageObject","inLanguage":"eu-ES","@id":"https:\/\/secure.gravatar.com\/avatar\/9763364630c91ae0a11acac782c4fcb1feb4727aad87a45fe4895f5bd7ae9996?s=96&d=mm&r=g","url":"https:\/\/secure.gravatar.com\/avatar\/9763364630c91ae0a11acac782c4fcb1feb4727aad87a45fe4895f5bd7ae9996?s=96&d=mm&r=g","contentUrl":"https:\/\/secure.gravatar.com\/avatar\/9763364630c91ae0a11acac782c4fcb1feb4727aad87a45fe4895f5bd7ae9996?s=96&d=mm&r=g","caption":"Turismo Plentzia"},"url":"https:\/\/visitplentzia.eus\/eu\/author\/turismoplentzia\/"}]}},"featured_image_src":null,"featured_image_src_square":null,"author_info":{"display_name":"Turismo Plentzia","author_link":"https:\/\/visitplentzia.eus\/eu\/author\/turismoplentzia\/"},"publishpress_future_workflow_manual_trigger":{"enabledWorkflows":[]},"_links":{"self":[{"href":"https:\/\/visitplentzia.eus\/eu\/wp-json\/wp\/v2\/posts\/2224","targetHints":{"allow":["GET"]}}],"collection":[{"href":"https:\/\/visitplentzia.eus\/eu\/wp-json\/wp\/v2\/posts"}],"about":[{"href":"https:\/\/visitplentzia.eus\/eu\/wp-json\/wp\/v2\/types\/post"}],"author":[{"embeddable":true,"href":"https:\/\/visitplentzia.eus\/eu\/wp-json\/wp\/v2\/users\/2"}],"replies":[{"embeddable":true,"href":"https:\/\/visitplentzia.eus\/eu\/wp-json\/wp\/v2\/comments?post=2224"}],"version-history":[{"count":0,"href":"https:\/\/visitplentzia.eus\/eu\/wp-json\/wp\/v2\/posts\/2224\/revisions"}],"wp:attachment":[{"href":"https:\/\/visitplentzia.eus\/eu\/wp-json\/wp\/v2\/media?parent=2224"}],"wp:term":[{"taxonomy":"category","embeddable":true,"href":"https:\/\/visitplentzia.eus\/eu\/wp-json\/wp\/v2\/categories?post=2224"},{"taxonomy":"post_tag","embeddable":true,"href":"https:\/\/visitplentzia.eus\/eu\/wp-json\/wp\/v2\/tags?post=2224"}],"curies":[{"name":"wp","href":"https:\/\/api.w.org\/{rel}","templated":true}]}}