{"id":5009,"date":"2016-09-27T11:31:40","date_gmt":"2016-09-27T11:31:40","guid":{"rendered":"https:\/\/darkslategrey-ape-696608.hostingersite.com\/programa-jep\/"},"modified":"2024-02-26T16:51:48","modified_gmt":"2024-02-26T16:51:48","slug":"european-heritage-days","status":"publish","type":"post","link":"https:\/\/visitplentzia.eus\/fr\/european-heritage-days\/","title":{"rendered":"EUROPEAN HERITAGE DAYS"},"content":{"rendered":"<p>Check the activities we have organized for the 2016 European Heritage Days and book in the Tourist Office.<\/p>\n<p>8 de octubre a las 11:00. Visita guiada en Euskera.<\/p>\n<p>15 de octubre a las 11:00. Visita guiada en Castellano.<\/p>\n<p>15 de octubre a las 12:00. Conferencia Francisco Garc\u00eda Novell.<\/p>\n<p>22 de octubre a las 11:00. Visita guiada para familias.<\/p>\n<p>Horario de la Oficina de Turismo: de martes a domingo de 11:00 a 13:30.<\/p>\n","protected":false},"excerpt":{"rendered":"<p>Check the activities we have organized for the 2016 European Heritage Days and book in the Tourist Office. 8 de octubre a las 11:00. Visita guiada en Euskera. 15 de octubre a las 11:00. Visita guiada en Castellano. 15 de octubre a las 12:00. Conferencia Francisco Garc\u00eda Novell. 22 de octubre a las 11:00. Visita [&hellip;]<\/p>\n","protected":false},"author":2,"featured_media":5190,"comment_status":"open","ping_status":"closed","sticky":false,"template":"","format":"standard","meta":{"_genesis_hide_title":false,"_genesis_hide_breadcrumbs":false,"_genesis_hide_singular_image":false,"_genesis_hide_footer_widgets":false,"_genesis_custom_body_class":"","_genesis_custom_post_class":"","_genesis_layout":"","footnotes":""},"categories":[46,53],"tags":[],"class_list":{"0":"post-5009","1":"post","2":"type-post","3":"status-publish","4":"format-standard","5":"has-post-thumbnail","7":"category-autre","8":"category-culture-fr","9":"entry"},"acf":[],"yoast_head":"<!-- This site is optimized with the Yoast SEO plugin v27.4 - https:\/\/yoast.com\/product\/yoast-seo-wordpress\/ -->\n<title>EUROPEAN HERITAGE DAYS - Turismo Plentzia<\/title>\n<meta name=\"robots\" content=\"index, follow, max-snippet:-1, max-image-preview:large, max-video-preview:-1\" \/>\n<link rel=\"canonical\" href=\"https:\/\/visitplentzia.eus\/fr\/european-heritage-days\/\" \/>\n<meta property=\"og:locale\" content=\"fr_FR\" \/>\n<meta property=\"og:type\" content=\"article\" \/>\n<meta property=\"og:title\" content=\"EUROPEAN HERITAGE DAYS - Turismo Plentzia\" \/>\n<meta property=\"og:description\" content=\"Check the activities we have organized for the 2016 European Heritage Days and book in the Tourist Office. 8 de octubre a las 11:00. Visita guiada en Euskera. 15 de octubre a las 11:00. Visita guiada en Castellano. 15 de octubre a las 12:00. Conferencia Francisco Garc\u00eda Novell. 22 de octubre a las 11:00. Visita [&hellip;]\" \/>\n<meta property=\"og:url\" content=\"https:\/\/visitplentzia.eus\/fr\/european-heritage-days\/\" \/>\n<meta property=\"og:site_name\" content=\"Turismo Plentzia\" \/>\n<meta property=\"article:published_time\" content=\"2016-09-27T11:31:40+00:00\" \/>\n<meta property=\"article:modified_time\" content=\"2024-02-26T16:51:48+00:00\" \/>\n<meta property=\"og:image\" content=\"https:\/\/visitplentzia.eus\/wp-content\/uploads\/2016\/09\/flyer-jep-plentzia-2016-cartelpsd-scaled.jpg\" \/>\n\t<meta property=\"og:image:width\" content=\"2560\" \/>\n\t<meta property=\"og:image:height\" content=\"1828\" \/>\n\t<meta property=\"og:image:type\" content=\"image\/jpeg\" \/>\n<meta name=\"author\" content=\"Turismo Plentzia\" \/>\n<meta name=\"twitter:card\" content=\"summary_large_image\" \/>\n<meta name=\"twitter:label1\" content=\"\u00c9crit par\" \/>\n\t<meta name=\"twitter:data1\" content=\"Turismo Plentzia\" \/>\n\t<meta name=\"twitter:label2\" content=\"Dur\u00e9e de lecture estim\u00e9e\" \/>\n\t<meta name=\"twitter:data2\" content=\"1 minute\" \/>\n<script type=\"application\/ld+json\" class=\"yoast-schema-graph\">{\"@context\":\"https:\\\/\\\/schema.org\",\"@graph\":[{\"@type\":\"Article\",\"@id\":\"https:\\\/\\\/visitplentzia.eus\\\/fr\\\/european-heritage-days\\\/#article\",\"isPartOf\":{\"@id\":\"https:\\\/\\\/visitplentzia.eus\\\/fr\\\/european-heritage-days\\\/\"},\"author\":{\"name\":\"Turismo Plentzia\",\"@id\":\"https:\\\/\\\/visitplentzia.eus\\\/fr\\\/#\\\/schema\\\/person\\\/bb73c914beebdd5f56a8b848559bd1a6\"},\"headline\":\"EUROPEAN HERITAGE DAYS\",\"datePublished\":\"2016-09-27T11:31:40+00:00\",\"dateModified\":\"2024-02-26T16:51:48+00:00\",\"mainEntityOfPage\":{\"@id\":\"https:\\\/\\\/visitplentzia.eus\\\/fr\\\/european-heritage-days\\\/\"},\"wordCount\":65,\"commentCount\":0,\"publisher\":{\"@id\":\"https:\\\/\\\/visitplentzia.eus\\\/fr\\\/#organization\"},\"image\":{\"@id\":\"https:\\\/\\\/visitplentzia.eus\\\/fr\\\/european-heritage-days\\\/#primaryimage\"},\"thumbnailUrl\":\"https:\\\/\\\/visitplentzia.eus\\\/wp-content\\\/uploads\\\/2016\\\/09\\\/flyer-jep-plentzia-2016-cartelpsd-scaled.jpg\",\"articleSection\":[\"Autre\",\"Culture\"],\"inLanguage\":\"fr-FR\",\"potentialAction\":[{\"@type\":\"CommentAction\",\"name\":\"Comment\",\"target\":[\"https:\\\/\\\/visitplentzia.eus\\\/fr\\\/european-heritage-days\\\/#respond\"]}]},{\"@type\":\"WebPage\",\"@id\":\"https:\\\/\\\/visitplentzia.eus\\\/fr\\\/european-heritage-days\\\/\",\"url\":\"https:\\\/\\\/visitplentzia.eus\\\/fr\\\/european-heritage-days\\\/\",\"name\":\"EUROPEAN HERITAGE DAYS - Turismo Plentzia\",\"isPartOf\":{\"@id\":\"https:\\\/\\\/visitplentzia.eus\\\/fr\\\/#website\"},\"primaryImageOfPage\":{\"@id\":\"https:\\\/\\\/visitplentzia.eus\\\/fr\\\/european-heritage-days\\\/#primaryimage\"},\"image\":{\"@id\":\"https:\\\/\\\/visitplentzia.eus\\\/fr\\\/european-heritage-days\\\/#primaryimage\"},\"thumbnailUrl\":\"https:\\\/\\\/visitplentzia.eus\\\/wp-content\\\/uploads\\\/2016\\\/09\\\/flyer-jep-plentzia-2016-cartelpsd-scaled.jpg\",\"datePublished\":\"2016-09-27T11:31:40+00:00\",\"dateModified\":\"2024-02-26T16:51:48+00:00\",\"breadcrumb\":{\"@id\":\"https:\\\/\\\/visitplentzia.eus\\\/fr\\\/european-heritage-days\\\/#breadcrumb\"},\"inLanguage\":\"fr-FR\",\"potentialAction\":[{\"@type\":\"ReadAction\",\"target\":[\"https:\\\/\\\/visitplentzia.eus\\\/fr\\\/european-heritage-days\\\/\"]}]},{\"@type\":\"ImageObject\",\"inLanguage\":\"fr-FR\",\"@id\":\"https:\\\/\\\/visitplentzia.eus\\\/fr\\\/european-heritage-days\\\/#primaryimage\",\"url\":\"https:\\\/\\\/visitplentzia.eus\\\/wp-content\\\/uploads\\\/2016\\\/09\\\/flyer-jep-plentzia-2016-cartelpsd-scaled.jpg\",\"contentUrl\":\"https:\\\/\\\/visitplentzia.eus\\\/wp-content\\\/uploads\\\/2016\\\/09\\\/flyer-jep-plentzia-2016-cartelpsd-scaled.jpg\",\"width\":2560,\"height\":1828},{\"@type\":\"BreadcrumbList\",\"@id\":\"https:\\\/\\\/visitplentzia.eus\\\/fr\\\/european-heritage-days\\\/#breadcrumb\",\"itemListElement\":[{\"@type\":\"ListItem\",\"position\":1,\"name\":\"Home\",\"item\":\"https:\\\/\\\/visitplentzia.eus\\\/fr\\\/\"},{\"@type\":\"ListItem\",\"position\":2,\"name\":\"EUROPEAN HERITAGE DAYS\"}]},{\"@type\":\"WebSite\",\"@id\":\"https:\\\/\\\/visitplentzia.eus\\\/fr\\\/#website\",\"url\":\"https:\\\/\\\/visitplentzia.eus\\\/fr\\\/\",\"name\":\"Turismo Plentzia\",\"description\":\"P\u00e1gina oficial de Turismo Plentzia. Visita su hermosa R\u00eda, su bella playa, su puerto y su pintoresco casco antiguo\",\"publisher\":{\"@id\":\"https:\\\/\\\/visitplentzia.eus\\\/fr\\\/#organization\"},\"alternateName\":\"Turismo Plentzia\",\"potentialAction\":[{\"@type\":\"SearchAction\",\"target\":{\"@type\":\"EntryPoint\",\"urlTemplate\":\"https:\\\/\\\/visitplentzia.eus\\\/fr\\\/?s={search_term_string}\"},\"query-input\":{\"@type\":\"PropertyValueSpecification\",\"valueRequired\":true,\"valueName\":\"search_term_string\"}}],\"inLanguage\":\"fr-FR\"},{\"@type\":\"Organization\",\"@id\":\"https:\\\/\\\/visitplentzia.eus\\\/fr\\\/#organization\",\"name\":\"Plentzia turismo\",\"url\":\"https:\\\/\\\/visitplentzia.eus\\\/fr\\\/\",\"logo\":{\"@type\":\"ImageObject\",\"inLanguage\":\"fr-FR\",\"@id\":\"https:\\\/\\\/visitplentzia.eus\\\/fr\\\/#\\\/schema\\\/logo\\\/image\\\/\",\"url\":\"https:\\\/\\\/visitplentzia.eus\\\/wp-content\\\/uploads\\\/2023\\\/04\\\/logo-plentzia.png\",\"contentUrl\":\"https:\\\/\\\/visitplentzia.eus\\\/wp-content\\\/uploads\\\/2023\\\/04\\\/logo-plentzia.png\",\"width\":130,\"height\":117,\"caption\":\"Plentzia turismo\"},\"image\":{\"@id\":\"https:\\\/\\\/visitplentzia.eus\\\/fr\\\/#\\\/schema\\\/logo\\\/image\\\/\"}},{\"@type\":\"Person\",\"@id\":\"https:\\\/\\\/visitplentzia.eus\\\/fr\\\/#\\\/schema\\\/person\\\/bb73c914beebdd5f56a8b848559bd1a6\",\"name\":\"Turismo Plentzia\",\"image\":{\"@type\":\"ImageObject\",\"inLanguage\":\"fr-FR\",\"@id\":\"https:\\\/\\\/secure.gravatar.com\\\/avatar\\\/9763364630c91ae0a11acac782c4fcb1feb4727aad87a45fe4895f5bd7ae9996?s=96&d=mm&r=g\",\"url\":\"https:\\\/\\\/secure.gravatar.com\\\/avatar\\\/9763364630c91ae0a11acac782c4fcb1feb4727aad87a45fe4895f5bd7ae9996?s=96&d=mm&r=g\",\"contentUrl\":\"https:\\\/\\\/secure.gravatar.com\\\/avatar\\\/9763364630c91ae0a11acac782c4fcb1feb4727aad87a45fe4895f5bd7ae9996?s=96&d=mm&r=g\",\"caption\":\"Turismo Plentzia\"},\"url\":\"https:\\\/\\\/visitplentzia.eus\\\/fr\\\/author\\\/turismoplentzia\\\/\"}]}<\/script>\n<!-- \/ Yoast SEO plugin. -->","yoast_head_json":{"title":"EUROPEAN HERITAGE DAYS - Turismo Plentzia","robots":{"index":"index","follow":"follow","max-snippet":"max-snippet:-1","max-image-preview":"max-image-preview:large","max-video-preview":"max-video-preview:-1"},"canonical":"https:\/\/visitplentzia.eus\/fr\/european-heritage-days\/","og_locale":"fr_FR","og_type":"article","og_title":"EUROPEAN HERITAGE DAYS - Turismo Plentzia","og_description":"Check the activities we have organized for the 2016 European Heritage Days and book in the Tourist Office. 8 de octubre a las 11:00. Visita guiada en Euskera. 15 de octubre a las 11:00. Visita guiada en Castellano. 15 de octubre a las 12:00. Conferencia Francisco Garc\u00eda Novell. 22 de octubre a las 11:00. Visita [&hellip;]","og_url":"https:\/\/visitplentzia.eus\/fr\/european-heritage-days\/","og_site_name":"Turismo Plentzia","article_published_time":"2016-09-27T11:31:40+00:00","article_modified_time":"2024-02-26T16:51:48+00:00","og_image":[{"width":2560,"height":1828,"url":"https:\/\/visitplentzia.eus\/wp-content\/uploads\/2016\/09\/flyer-jep-plentzia-2016-cartelpsd-scaled.jpg","type":"image\/jpeg"}],"author":"Turismo Plentzia","twitter_card":"summary_large_image","twitter_misc":{"\u00c9crit par":"Turismo Plentzia","Dur\u00e9e de lecture estim\u00e9e":"1 minute"},"schema":{"@context":"https:\/\/schema.org","@graph":[{"@type":"Article","@id":"https:\/\/visitplentzia.eus\/fr\/european-heritage-days\/#article","isPartOf":{"@id":"https:\/\/visitplentzia.eus\/fr\/european-heritage-days\/"},"author":{"name":"Turismo Plentzia","@id":"https:\/\/visitplentzia.eus\/fr\/#\/schema\/person\/bb73c914beebdd5f56a8b848559bd1a6"},"headline":"EUROPEAN HERITAGE DAYS","datePublished":"2016-09-27T11:31:40+00:00","dateModified":"2024-02-26T16:51:48+00:00","mainEntityOfPage":{"@id":"https:\/\/visitplentzia.eus\/fr\/european-heritage-days\/"},"wordCount":65,"commentCount":0,"publisher":{"@id":"https:\/\/visitplentzia.eus\/fr\/#organization"},"image":{"@id":"https:\/\/visitplentzia.eus\/fr\/european-heritage-days\/#primaryimage"},"thumbnailUrl":"https:\/\/visitplentzia.eus\/wp-content\/uploads\/2016\/09\/flyer-jep-plentzia-2016-cartelpsd-scaled.jpg","articleSection":["Autre","Culture"],"inLanguage":"fr-FR","potentialAction":[{"@type":"CommentAction","name":"Comment","target":["https:\/\/visitplentzia.eus\/fr\/european-heritage-days\/#respond"]}]},{"@type":"WebPage","@id":"https:\/\/visitplentzia.eus\/fr\/european-heritage-days\/","url":"https:\/\/visitplentzia.eus\/fr\/european-heritage-days\/","name":"EUROPEAN HERITAGE DAYS - Turismo Plentzia","isPartOf":{"@id":"https:\/\/visitplentzia.eus\/fr\/#website"},"primaryImageOfPage":{"@id":"https:\/\/visitplentzia.eus\/fr\/european-heritage-days\/#primaryimage"},"image":{"@id":"https:\/\/visitplentzia.eus\/fr\/european-heritage-days\/#primaryimage"},"thumbnailUrl":"https:\/\/visitplentzia.eus\/wp-content\/uploads\/2016\/09\/flyer-jep-plentzia-2016-cartelpsd-scaled.jpg","datePublished":"2016-09-27T11:31:40+00:00","dateModified":"2024-02-26T16:51:48+00:00","breadcrumb":{"@id":"https:\/\/visitplentzia.eus\/fr\/european-heritage-days\/#breadcrumb"},"inLanguage":"fr-FR","potentialAction":[{"@type":"ReadAction","target":["https:\/\/visitplentzia.eus\/fr\/european-heritage-days\/"]}]},{"@type":"ImageObject","inLanguage":"fr-FR","@id":"https:\/\/visitplentzia.eus\/fr\/european-heritage-days\/#primaryimage","url":"https:\/\/visitplentzia.eus\/wp-content\/uploads\/2016\/09\/flyer-jep-plentzia-2016-cartelpsd-scaled.jpg","contentUrl":"https:\/\/visitplentzia.eus\/wp-content\/uploads\/2016\/09\/flyer-jep-plentzia-2016-cartelpsd-scaled.jpg","width":2560,"height":1828},{"@type":"BreadcrumbList","@id":"https:\/\/visitplentzia.eus\/fr\/european-heritage-days\/#breadcrumb","itemListElement":[{"@type":"ListItem","position":1,"name":"Home","item":"https:\/\/visitplentzia.eus\/fr\/"},{"@type":"ListItem","position":2,"name":"EUROPEAN HERITAGE DAYS"}]},{"@type":"WebSite","@id":"https:\/\/visitplentzia.eus\/fr\/#website","url":"https:\/\/visitplentzia.eus\/fr\/","name":"Turismo Plentzia","description":"P\u00e1gina oficial de Turismo Plentzia. Visita su hermosa R\u00eda, su bella playa, su puerto y su pintoresco casco antiguo","publisher":{"@id":"https:\/\/visitplentzia.eus\/fr\/#organization"},"alternateName":"Turismo Plentzia","potentialAction":[{"@type":"SearchAction","target":{"@type":"EntryPoint","urlTemplate":"https:\/\/visitplentzia.eus\/fr\/?s={search_term_string}"},"query-input":{"@type":"PropertyValueSpecification","valueRequired":true,"valueName":"search_term_string"}}],"inLanguage":"fr-FR"},{"@type":"Organization","@id":"https:\/\/visitplentzia.eus\/fr\/#organization","name":"Plentzia turismo","url":"https:\/\/visitplentzia.eus\/fr\/","logo":{"@type":"ImageObject","inLanguage":"fr-FR","@id":"https:\/\/visitplentzia.eus\/fr\/#\/schema\/logo\/image\/","url":"https:\/\/visitplentzia.eus\/wp-content\/uploads\/2023\/04\/logo-plentzia.png","contentUrl":"https:\/\/visitplentzia.eus\/wp-content\/uploads\/2023\/04\/logo-plentzia.png","width":130,"height":117,"caption":"Plentzia turismo"},"image":{"@id":"https:\/\/visitplentzia.eus\/fr\/#\/schema\/logo\/image\/"}},{"@type":"Person","@id":"https:\/\/visitplentzia.eus\/fr\/#\/schema\/person\/bb73c914beebdd5f56a8b848559bd1a6","name":"Turismo Plentzia","image":{"@type":"ImageObject","inLanguage":"fr-FR","@id":"https:\/\/secure.gravatar.com\/avatar\/9763364630c91ae0a11acac782c4fcb1feb4727aad87a45fe4895f5bd7ae9996?s=96&d=mm&r=g","url":"https:\/\/secure.gravatar.com\/avatar\/9763364630c91ae0a11acac782c4fcb1feb4727aad87a45fe4895f5bd7ae9996?s=96&d=mm&r=g","contentUrl":"https:\/\/secure.gravatar.com\/avatar\/9763364630c91ae0a11acac782c4fcb1feb4727aad87a45fe4895f5bd7ae9996?s=96&d=mm&r=g","caption":"Turismo Plentzia"},"url":"https:\/\/visitplentzia.eus\/fr\/author\/turismoplentzia\/"}]}},"featured_image_src":"https:\/\/visitplentzia.eus\/wp-content\/uploads\/2016\/09\/flyer-jep-plentzia-2016-cartelpsd-600x400.jpg","featured_image_src_square":"https:\/\/visitplentzia.eus\/wp-content\/uploads\/2016\/09\/flyer-jep-plentzia-2016-cartelpsd-600x600.jpg","author_info":{"display_name":"Turismo Plentzia","author_link":"https:\/\/visitplentzia.eus\/fr\/author\/turismoplentzia\/"},"publishpress_future_workflow_manual_trigger":{"enabledWorkflows":[]},"_links":{"self":[{"href":"https:\/\/visitplentzia.eus\/fr\/wp-json\/wp\/v2\/posts\/5009","targetHints":{"allow":["GET"]}}],"collection":[{"href":"https:\/\/visitplentzia.eus\/fr\/wp-json\/wp\/v2\/posts"}],"about":[{"href":"https:\/\/visitplentzia.eus\/fr\/wp-json\/wp\/v2\/types\/post"}],"author":[{"embeddable":true,"href":"https:\/\/visitplentzia.eus\/fr\/wp-json\/wp\/v2\/users\/2"}],"replies":[{"embeddable":true,"href":"https:\/\/visitplentzia.eus\/fr\/wp-json\/wp\/v2\/comments?post=5009"}],"version-history":[{"count":1,"href":"https:\/\/visitplentzia.eus\/fr\/wp-json\/wp\/v2\/posts\/5009\/revisions"}],"predecessor-version":[{"id":5010,"href":"https:\/\/visitplentzia.eus\/fr\/wp-json\/wp\/v2\/posts\/5009\/revisions\/5010"}],"wp:featuredmedia":[{"embeddable":true,"href":"https:\/\/visitplentzia.eus\/fr\/wp-json\/wp\/v2\/media\/5190"}],"wp:attachment":[{"href":"https:\/\/visitplentzia.eus\/fr\/wp-json\/wp\/v2\/media?parent=5009"}],"wp:term":[{"taxonomy":"category","embeddable":true,"href":"https:\/\/visitplentzia.eus\/fr\/wp-json\/wp\/v2\/categories?post=5009"},{"taxonomy":"post_tag","embeddable":true,"href":"https:\/\/visitplentzia.eus\/fr\/wp-json\/wp\/v2\/tags?post=5009"}],"curies":[{"name":"wp","href":"https:\/\/api.w.org\/{rel}","templated":true}]}}