{"id":8107,"date":"2025-03-26T13:00:58","date_gmt":"2025-03-26T12:00:58","guid":{"rendered":"https:\/\/darkslategrey-ape-696608.hostingersite.com\/?p=8107"},"modified":"2025-03-26T13:27:24","modified_gmt":"2025-03-26T12:27:24","slug":"nouvel-emplacement-de-loffice-de-tourisme-de-plentzia","status":"publish","type":"post","link":"https:\/\/visitplentzia.eus\/fr\/nouvel-emplacement-de-loffice-de-tourisme-de-plentzia\/","title":{"rendered":"Nouvel emplacement de l&rsquo;office de tourisme de Plentzia"},"content":{"rendered":"\n<p>Depuis le 14 janvier 2025, l&rsquo;office de tourisme de Plentzia a \u00e9t\u00e9 d\u00e9plac\u00e9 dans le b\u00e2timent de la mairie, sur la place del Astillero. Ce changement a \u00e9t\u00e9 rendu possible gr\u00e2ce au financement du Programme de subventions pour la promotion de l&rsquo;activit\u00e9 touristique des entit\u00e9s de gestion touristique et des entit\u00e9s publiques du Territoire Historique de Biscaye durant l&rsquo;ann\u00e9e 2024.<\/p>\n","protected":false},"excerpt":{"rendered":"<p>Depuis le 14 janvier 2025, l&rsquo;office de tourisme de Plentzia a \u00e9t\u00e9 d\u00e9plac\u00e9 dans le b\u00e2timent de la mairie, sur la place del Astillero.<\/p>\n","protected":false},"author":1,"featured_media":8088,"comment_status":"open","ping_status":"open","sticky":false,"template":"","format":"standard","meta":{"_genesis_hide_title":false,"_genesis_hide_breadcrumbs":false,"_genesis_hide_singular_image":false,"_genesis_hide_footer_widgets":false,"_genesis_custom_body_class":"","_genesis_custom_post_class":"","_genesis_layout":"","footnotes":""},"categories":[46],"tags":[],"class_list":{"0":"post-8107","1":"post","2":"type-post","3":"status-publish","4":"format-standard","5":"has-post-thumbnail","7":"category-autre","8":"entry"},"acf":[],"yoast_head":"<!-- This site is optimized with the Yoast SEO plugin v27.4 - https:\/\/yoast.com\/product\/yoast-seo-wordpress\/ -->\n<title>Nouvel emplacement de l&#039;office de tourisme de Plentzia - Turismo Plentzia<\/title>\n<meta name=\"description\" content=\"Depuis le 14 janvier 2025, l&#039;office de tourisme de Plentzia a \u00e9t\u00e9 d\u00e9plac\u00e9 dans le b\u00e2timent de la mairie, sur la place del Astillero. Ce changement a \u00e9t\u00e9 rendu possible gr\u00e2ce au financement du Programme de subventions pour la promotion de l&#039;activit\u00e9 touristique des entit\u00e9s de gestion touristique et des entit\u00e9s publiques du Territoire Historique de Biscaye durant l&#039;ann\u00e9e 2024.\" \/>\n<meta name=\"robots\" content=\"index, follow, max-snippet:-1, max-image-preview:large, max-video-preview:-1\" \/>\n<link rel=\"canonical\" href=\"https:\/\/visitplentzia.eus\/fr\/nouvel-emplacement-de-loffice-de-tourisme-de-plentzia\/\" \/>\n<meta property=\"og:locale\" content=\"fr_FR\" \/>\n<meta property=\"og:type\" content=\"article\" \/>\n<meta property=\"og:title\" content=\"Nouvel emplacement de l&#039;office de tourisme de Plentzia - Turismo Plentzia\" \/>\n<meta property=\"og:description\" content=\"Depuis le 14 janvier 2025, l&#039;office de tourisme de Plentzia a \u00e9t\u00e9 d\u00e9plac\u00e9 dans le b\u00e2timent de la mairie, sur la place del Astillero. Ce changement a \u00e9t\u00e9 rendu possible gr\u00e2ce au financement du Programme de subventions pour la promotion de l&#039;activit\u00e9 touristique des entit\u00e9s de gestion touristique et des entit\u00e9s publiques du Territoire Historique de Biscaye durant l&#039;ann\u00e9e 2024.\" \/>\n<meta property=\"og:url\" content=\"https:\/\/visitplentzia.eus\/fr\/nouvel-emplacement-de-loffice-de-tourisme-de-plentzia\/\" \/>\n<meta property=\"og:site_name\" content=\"Turismo Plentzia\" \/>\n<meta property=\"article:published_time\" content=\"2025-03-26T12:00:58+00:00\" \/>\n<meta property=\"article:modified_time\" content=\"2025-03-26T12:27:24+00:00\" \/>\n<meta property=\"og:image\" content=\"https:\/\/visitplentzia.eus\/wp-content\/uploads\/2025\/03\/WhatsApp-Image-2025-03-25-at-16.37.57.jpeg\" \/>\n\t<meta property=\"og:image:width\" content=\"1600\" \/>\n\t<meta property=\"og:image:height\" content=\"1200\" \/>\n\t<meta property=\"og:image:type\" content=\"image\/jpeg\" \/>\n<meta name=\"author\" content=\"Plentzia Turismo\" \/>\n<meta name=\"twitter:card\" content=\"summary_large_image\" \/>\n<meta name=\"twitter:label1\" content=\"\u00c9crit par\" \/>\n\t<meta name=\"twitter:data1\" content=\"Plentzia Turismo\" \/>\n\t<meta name=\"twitter:label2\" content=\"Dur\u00e9e de lecture estim\u00e9e\" \/>\n\t<meta name=\"twitter:data2\" content=\"1 minute\" \/>\n<script type=\"application\/ld+json\" class=\"yoast-schema-graph\">{\"@context\":\"https:\\\/\\\/schema.org\",\"@graph\":[{\"@type\":\"Article\",\"@id\":\"https:\\\/\\\/visitplentzia.eus\\\/fr\\\/nouvel-emplacement-de-loffice-de-tourisme-de-plentzia\\\/#article\",\"isPartOf\":{\"@id\":\"https:\\\/\\\/visitplentzia.eus\\\/fr\\\/nouvel-emplacement-de-loffice-de-tourisme-de-plentzia\\\/\"},\"author\":{\"name\":\"Plentzia Turismo\",\"@id\":\"https:\\\/\\\/visitplentzia.eus\\\/fr\\\/#\\\/schema\\\/person\\\/53d2824231fd8d1db442e1ba477dd404\"},\"headline\":\"Nouvel emplacement de l&rsquo;office de tourisme de Plentzia\",\"datePublished\":\"2025-03-26T12:00:58+00:00\",\"dateModified\":\"2025-03-26T12:27:24+00:00\",\"mainEntityOfPage\":{\"@id\":\"https:\\\/\\\/visitplentzia.eus\\\/fr\\\/nouvel-emplacement-de-loffice-de-tourisme-de-plentzia\\\/\"},\"wordCount\":75,\"commentCount\":0,\"publisher\":{\"@id\":\"https:\\\/\\\/visitplentzia.eus\\\/fr\\\/#organization\"},\"image\":{\"@id\":\"https:\\\/\\\/visitplentzia.eus\\\/fr\\\/nouvel-emplacement-de-loffice-de-tourisme-de-plentzia\\\/#primaryimage\"},\"thumbnailUrl\":\"https:\\\/\\\/visitplentzia.eus\\\/wp-content\\\/uploads\\\/2025\\\/03\\\/WhatsApp-Image-2025-03-25-at-16.37.57.jpeg\",\"articleSection\":[\"Autre\"],\"inLanguage\":\"fr-FR\",\"potentialAction\":[{\"@type\":\"CommentAction\",\"name\":\"Comment\",\"target\":[\"https:\\\/\\\/visitplentzia.eus\\\/fr\\\/nouvel-emplacement-de-loffice-de-tourisme-de-plentzia\\\/#respond\"]}]},{\"@type\":\"WebPage\",\"@id\":\"https:\\\/\\\/visitplentzia.eus\\\/fr\\\/nouvel-emplacement-de-loffice-de-tourisme-de-plentzia\\\/\",\"url\":\"https:\\\/\\\/visitplentzia.eus\\\/fr\\\/nouvel-emplacement-de-loffice-de-tourisme-de-plentzia\\\/\",\"name\":\"Nouvel emplacement de l'office de tourisme de Plentzia - Turismo Plentzia\",\"isPartOf\":{\"@id\":\"https:\\\/\\\/visitplentzia.eus\\\/fr\\\/#website\"},\"primaryImageOfPage\":{\"@id\":\"https:\\\/\\\/visitplentzia.eus\\\/fr\\\/nouvel-emplacement-de-loffice-de-tourisme-de-plentzia\\\/#primaryimage\"},\"image\":{\"@id\":\"https:\\\/\\\/visitplentzia.eus\\\/fr\\\/nouvel-emplacement-de-loffice-de-tourisme-de-plentzia\\\/#primaryimage\"},\"thumbnailUrl\":\"https:\\\/\\\/visitplentzia.eus\\\/wp-content\\\/uploads\\\/2025\\\/03\\\/WhatsApp-Image-2025-03-25-at-16.37.57.jpeg\",\"datePublished\":\"2025-03-26T12:00:58+00:00\",\"dateModified\":\"2025-03-26T12:27:24+00:00\",\"description\":\"Depuis le 14 janvier 2025, l'office de tourisme de Plentzia a \u00e9t\u00e9 d\u00e9plac\u00e9 dans le b\u00e2timent de la mairie, sur la place del Astillero. Ce changement a \u00e9t\u00e9 rendu possible gr\u00e2ce au financement du Programme de subventions pour la promotion de l'activit\u00e9 touristique des entit\u00e9s de gestion touristique et des entit\u00e9s publiques du Territoire Historique de Biscaye durant l'ann\u00e9e 2024.\",\"breadcrumb\":{\"@id\":\"https:\\\/\\\/visitplentzia.eus\\\/fr\\\/nouvel-emplacement-de-loffice-de-tourisme-de-plentzia\\\/#breadcrumb\"},\"inLanguage\":\"fr-FR\",\"potentialAction\":[{\"@type\":\"ReadAction\",\"target\":[\"https:\\\/\\\/visitplentzia.eus\\\/fr\\\/nouvel-emplacement-de-loffice-de-tourisme-de-plentzia\\\/\"]}]},{\"@type\":\"ImageObject\",\"inLanguage\":\"fr-FR\",\"@id\":\"https:\\\/\\\/visitplentzia.eus\\\/fr\\\/nouvel-emplacement-de-loffice-de-tourisme-de-plentzia\\\/#primaryimage\",\"url\":\"https:\\\/\\\/visitplentzia.eus\\\/wp-content\\\/uploads\\\/2025\\\/03\\\/WhatsApp-Image-2025-03-25-at-16.37.57.jpeg\",\"contentUrl\":\"https:\\\/\\\/visitplentzia.eus\\\/wp-content\\\/uploads\\\/2025\\\/03\\\/WhatsApp-Image-2025-03-25-at-16.37.57.jpeg\",\"width\":1600,\"height\":1200},{\"@type\":\"BreadcrumbList\",\"@id\":\"https:\\\/\\\/visitplentzia.eus\\\/fr\\\/nouvel-emplacement-de-loffice-de-tourisme-de-plentzia\\\/#breadcrumb\",\"itemListElement\":[{\"@type\":\"ListItem\",\"position\":1,\"name\":\"Home\",\"item\":\"https:\\\/\\\/visitplentzia.eus\\\/fr\\\/\"},{\"@type\":\"ListItem\",\"position\":2,\"name\":\"Nouvel emplacement de l&rsquo;office de tourisme de Plentzia\"}]},{\"@type\":\"WebSite\",\"@id\":\"https:\\\/\\\/visitplentzia.eus\\\/fr\\\/#website\",\"url\":\"https:\\\/\\\/visitplentzia.eus\\\/fr\\\/\",\"name\":\"Turismo Plentzia\",\"description\":\"P\u00e1gina oficial de Turismo Plentzia. Visita su hermosa R\u00eda, su bella playa, su puerto y su pintoresco casco antiguo\",\"publisher\":{\"@id\":\"https:\\\/\\\/visitplentzia.eus\\\/fr\\\/#organization\"},\"alternateName\":\"Turismo Plentzia\",\"potentialAction\":[{\"@type\":\"SearchAction\",\"target\":{\"@type\":\"EntryPoint\",\"urlTemplate\":\"https:\\\/\\\/visitplentzia.eus\\\/fr\\\/?s={search_term_string}\"},\"query-input\":{\"@type\":\"PropertyValueSpecification\",\"valueRequired\":true,\"valueName\":\"search_term_string\"}}],\"inLanguage\":\"fr-FR\"},{\"@type\":\"Organization\",\"@id\":\"https:\\\/\\\/visitplentzia.eus\\\/fr\\\/#organization\",\"name\":\"Plentzia turismo\",\"url\":\"https:\\\/\\\/visitplentzia.eus\\\/fr\\\/\",\"logo\":{\"@type\":\"ImageObject\",\"inLanguage\":\"fr-FR\",\"@id\":\"https:\\\/\\\/visitplentzia.eus\\\/fr\\\/#\\\/schema\\\/logo\\\/image\\\/\",\"url\":\"https:\\\/\\\/visitplentzia.eus\\\/wp-content\\\/uploads\\\/2023\\\/04\\\/logo-plentzia.png\",\"contentUrl\":\"https:\\\/\\\/visitplentzia.eus\\\/wp-content\\\/uploads\\\/2023\\\/04\\\/logo-plentzia.png\",\"width\":130,\"height\":117,\"caption\":\"Plentzia turismo\"},\"image\":{\"@id\":\"https:\\\/\\\/visitplentzia.eus\\\/fr\\\/#\\\/schema\\\/logo\\\/image\\\/\"}},{\"@type\":\"Person\",\"@id\":\"https:\\\/\\\/visitplentzia.eus\\\/fr\\\/#\\\/schema\\\/person\\\/53d2824231fd8d1db442e1ba477dd404\",\"name\":\"Plentzia Turismo\",\"image\":{\"@type\":\"ImageObject\",\"inLanguage\":\"fr-FR\",\"@id\":\"https:\\\/\\\/secure.gravatar.com\\\/avatar\\\/afdb68c0d6e43210f0fc600a4b9d2c1a79bd6bbfa4064ab5d5844bdb24ac2069?s=96&d=mm&r=g\",\"url\":\"https:\\\/\\\/secure.gravatar.com\\\/avatar\\\/afdb68c0d6e43210f0fc600a4b9d2c1a79bd6bbfa4064ab5d5844bdb24ac2069?s=96&d=mm&r=g\",\"contentUrl\":\"https:\\\/\\\/secure.gravatar.com\\\/avatar\\\/afdb68c0d6e43210f0fc600a4b9d2c1a79bd6bbfa4064ab5d5844bdb24ac2069?s=96&d=mm&r=g\",\"caption\":\"Plentzia Turismo\"},\"sameAs\":[\"https:\\\/\\\/visitplentzia.eus\"],\"url\":\"https:\\\/\\\/visitplentzia.eus\\\/fr\\\/author\\\/admin_plentzia\\\/\"}]}<\/script>\n<!-- \/ Yoast SEO plugin. -->","yoast_head_json":{"title":"Nouvel emplacement de l'office de tourisme de Plentzia - Turismo Plentzia","description":"Depuis le 14 janvier 2025, l'office de tourisme de Plentzia a \u00e9t\u00e9 d\u00e9plac\u00e9 dans le b\u00e2timent de la mairie, sur la place del Astillero. Ce changement a \u00e9t\u00e9 rendu possible gr\u00e2ce au financement du Programme de subventions pour la promotion de l'activit\u00e9 touristique des entit\u00e9s de gestion touristique et des entit\u00e9s publiques du Territoire Historique de Biscaye durant l'ann\u00e9e 2024.","robots":{"index":"index","follow":"follow","max-snippet":"max-snippet:-1","max-image-preview":"max-image-preview:large","max-video-preview":"max-video-preview:-1"},"canonical":"https:\/\/visitplentzia.eus\/fr\/nouvel-emplacement-de-loffice-de-tourisme-de-plentzia\/","og_locale":"fr_FR","og_type":"article","og_title":"Nouvel emplacement de l'office de tourisme de Plentzia - Turismo Plentzia","og_description":"Depuis le 14 janvier 2025, l'office de tourisme de Plentzia a \u00e9t\u00e9 d\u00e9plac\u00e9 dans le b\u00e2timent de la mairie, sur la place del Astillero. Ce changement a \u00e9t\u00e9 rendu possible gr\u00e2ce au financement du Programme de subventions pour la promotion de l'activit\u00e9 touristique des entit\u00e9s de gestion touristique et des entit\u00e9s publiques du Territoire Historique de Biscaye durant l'ann\u00e9e 2024.","og_url":"https:\/\/visitplentzia.eus\/fr\/nouvel-emplacement-de-loffice-de-tourisme-de-plentzia\/","og_site_name":"Turismo Plentzia","article_published_time":"2025-03-26T12:00:58+00:00","article_modified_time":"2025-03-26T12:27:24+00:00","og_image":[{"width":1600,"height":1200,"url":"https:\/\/visitplentzia.eus\/wp-content\/uploads\/2025\/03\/WhatsApp-Image-2025-03-25-at-16.37.57.jpeg","type":"image\/jpeg"}],"author":"Plentzia Turismo","twitter_card":"summary_large_image","twitter_misc":{"\u00c9crit par":"Plentzia Turismo","Dur\u00e9e de lecture estim\u00e9e":"1 minute"},"schema":{"@context":"https:\/\/schema.org","@graph":[{"@type":"Article","@id":"https:\/\/visitplentzia.eus\/fr\/nouvel-emplacement-de-loffice-de-tourisme-de-plentzia\/#article","isPartOf":{"@id":"https:\/\/visitplentzia.eus\/fr\/nouvel-emplacement-de-loffice-de-tourisme-de-plentzia\/"},"author":{"name":"Plentzia Turismo","@id":"https:\/\/visitplentzia.eus\/fr\/#\/schema\/person\/53d2824231fd8d1db442e1ba477dd404"},"headline":"Nouvel emplacement de l&rsquo;office de tourisme de Plentzia","datePublished":"2025-03-26T12:00:58+00:00","dateModified":"2025-03-26T12:27:24+00:00","mainEntityOfPage":{"@id":"https:\/\/visitplentzia.eus\/fr\/nouvel-emplacement-de-loffice-de-tourisme-de-plentzia\/"},"wordCount":75,"commentCount":0,"publisher":{"@id":"https:\/\/visitplentzia.eus\/fr\/#organization"},"image":{"@id":"https:\/\/visitplentzia.eus\/fr\/nouvel-emplacement-de-loffice-de-tourisme-de-plentzia\/#primaryimage"},"thumbnailUrl":"https:\/\/visitplentzia.eus\/wp-content\/uploads\/2025\/03\/WhatsApp-Image-2025-03-25-at-16.37.57.jpeg","articleSection":["Autre"],"inLanguage":"fr-FR","potentialAction":[{"@type":"CommentAction","name":"Comment","target":["https:\/\/visitplentzia.eus\/fr\/nouvel-emplacement-de-loffice-de-tourisme-de-plentzia\/#respond"]}]},{"@type":"WebPage","@id":"https:\/\/visitplentzia.eus\/fr\/nouvel-emplacement-de-loffice-de-tourisme-de-plentzia\/","url":"https:\/\/visitplentzia.eus\/fr\/nouvel-emplacement-de-loffice-de-tourisme-de-plentzia\/","name":"Nouvel emplacement de l'office de tourisme de Plentzia - Turismo Plentzia","isPartOf":{"@id":"https:\/\/visitplentzia.eus\/fr\/#website"},"primaryImageOfPage":{"@id":"https:\/\/visitplentzia.eus\/fr\/nouvel-emplacement-de-loffice-de-tourisme-de-plentzia\/#primaryimage"},"image":{"@id":"https:\/\/visitplentzia.eus\/fr\/nouvel-emplacement-de-loffice-de-tourisme-de-plentzia\/#primaryimage"},"thumbnailUrl":"https:\/\/visitplentzia.eus\/wp-content\/uploads\/2025\/03\/WhatsApp-Image-2025-03-25-at-16.37.57.jpeg","datePublished":"2025-03-26T12:00:58+00:00","dateModified":"2025-03-26T12:27:24+00:00","description":"Depuis le 14 janvier 2025, l'office de tourisme de Plentzia a \u00e9t\u00e9 d\u00e9plac\u00e9 dans le b\u00e2timent de la mairie, sur la place del Astillero. Ce changement a \u00e9t\u00e9 rendu possible gr\u00e2ce au financement du Programme de subventions pour la promotion de l'activit\u00e9 touristique des entit\u00e9s de gestion touristique et des entit\u00e9s publiques du Territoire Historique de Biscaye durant l'ann\u00e9e 2024.","breadcrumb":{"@id":"https:\/\/visitplentzia.eus\/fr\/nouvel-emplacement-de-loffice-de-tourisme-de-plentzia\/#breadcrumb"},"inLanguage":"fr-FR","potentialAction":[{"@type":"ReadAction","target":["https:\/\/visitplentzia.eus\/fr\/nouvel-emplacement-de-loffice-de-tourisme-de-plentzia\/"]}]},{"@type":"ImageObject","inLanguage":"fr-FR","@id":"https:\/\/visitplentzia.eus\/fr\/nouvel-emplacement-de-loffice-de-tourisme-de-plentzia\/#primaryimage","url":"https:\/\/visitplentzia.eus\/wp-content\/uploads\/2025\/03\/WhatsApp-Image-2025-03-25-at-16.37.57.jpeg","contentUrl":"https:\/\/visitplentzia.eus\/wp-content\/uploads\/2025\/03\/WhatsApp-Image-2025-03-25-at-16.37.57.jpeg","width":1600,"height":1200},{"@type":"BreadcrumbList","@id":"https:\/\/visitplentzia.eus\/fr\/nouvel-emplacement-de-loffice-de-tourisme-de-plentzia\/#breadcrumb","itemListElement":[{"@type":"ListItem","position":1,"name":"Home","item":"https:\/\/visitplentzia.eus\/fr\/"},{"@type":"ListItem","position":2,"name":"Nouvel emplacement de l&rsquo;office de tourisme de Plentzia"}]},{"@type":"WebSite","@id":"https:\/\/visitplentzia.eus\/fr\/#website","url":"https:\/\/visitplentzia.eus\/fr\/","name":"Turismo Plentzia","description":"P\u00e1gina oficial de Turismo Plentzia. Visita su hermosa R\u00eda, su bella playa, su puerto y su pintoresco casco antiguo","publisher":{"@id":"https:\/\/visitplentzia.eus\/fr\/#organization"},"alternateName":"Turismo Plentzia","potentialAction":[{"@type":"SearchAction","target":{"@type":"EntryPoint","urlTemplate":"https:\/\/visitplentzia.eus\/fr\/?s={search_term_string}"},"query-input":{"@type":"PropertyValueSpecification","valueRequired":true,"valueName":"search_term_string"}}],"inLanguage":"fr-FR"},{"@type":"Organization","@id":"https:\/\/visitplentzia.eus\/fr\/#organization","name":"Plentzia turismo","url":"https:\/\/visitplentzia.eus\/fr\/","logo":{"@type":"ImageObject","inLanguage":"fr-FR","@id":"https:\/\/visitplentzia.eus\/fr\/#\/schema\/logo\/image\/","url":"https:\/\/visitplentzia.eus\/wp-content\/uploads\/2023\/04\/logo-plentzia.png","contentUrl":"https:\/\/visitplentzia.eus\/wp-content\/uploads\/2023\/04\/logo-plentzia.png","width":130,"height":117,"caption":"Plentzia turismo"},"image":{"@id":"https:\/\/visitplentzia.eus\/fr\/#\/schema\/logo\/image\/"}},{"@type":"Person","@id":"https:\/\/visitplentzia.eus\/fr\/#\/schema\/person\/53d2824231fd8d1db442e1ba477dd404","name":"Plentzia Turismo","image":{"@type":"ImageObject","inLanguage":"fr-FR","@id":"https:\/\/secure.gravatar.com\/avatar\/afdb68c0d6e43210f0fc600a4b9d2c1a79bd6bbfa4064ab5d5844bdb24ac2069?s=96&d=mm&r=g","url":"https:\/\/secure.gravatar.com\/avatar\/afdb68c0d6e43210f0fc600a4b9d2c1a79bd6bbfa4064ab5d5844bdb24ac2069?s=96&d=mm&r=g","contentUrl":"https:\/\/secure.gravatar.com\/avatar\/afdb68c0d6e43210f0fc600a4b9d2c1a79bd6bbfa4064ab5d5844bdb24ac2069?s=96&d=mm&r=g","caption":"Plentzia Turismo"},"sameAs":["https:\/\/visitplentzia.eus"],"url":"https:\/\/visitplentzia.eus\/fr\/author\/admin_plentzia\/"}]}},"featured_image_src":"https:\/\/visitplentzia.eus\/wp-content\/uploads\/2025\/03\/WhatsApp-Image-2025-03-25-at-16.37.57-600x400.jpeg","featured_image_src_square":"https:\/\/visitplentzia.eus\/wp-content\/uploads\/2025\/03\/WhatsApp-Image-2025-03-25-at-16.37.57-600x600.jpeg","author_info":{"display_name":"Plentzia Turismo","author_link":"https:\/\/visitplentzia.eus\/fr\/author\/admin_plentzia\/"},"publishpress_future_workflow_manual_trigger":{"enabledWorkflows":[]},"_links":{"self":[{"href":"https:\/\/visitplentzia.eus\/fr\/wp-json\/wp\/v2\/posts\/8107","targetHints":{"allow":["GET"]}}],"collection":[{"href":"https:\/\/visitplentzia.eus\/fr\/wp-json\/wp\/v2\/posts"}],"about":[{"href":"https:\/\/visitplentzia.eus\/fr\/wp-json\/wp\/v2\/types\/post"}],"author":[{"embeddable":true,"href":"https:\/\/visitplentzia.eus\/fr\/wp-json\/wp\/v2\/users\/1"}],"replies":[{"embeddable":true,"href":"https:\/\/visitplentzia.eus\/fr\/wp-json\/wp\/v2\/comments?post=8107"}],"version-history":[{"count":2,"href":"https:\/\/visitplentzia.eus\/fr\/wp-json\/wp\/v2\/posts\/8107\/revisions"}],"predecessor-version":[{"id":8109,"href":"https:\/\/visitplentzia.eus\/fr\/wp-json\/wp\/v2\/posts\/8107\/revisions\/8109"}],"wp:featuredmedia":[{"embeddable":true,"href":"https:\/\/visitplentzia.eus\/fr\/wp-json\/wp\/v2\/media\/8088"}],"wp:attachment":[{"href":"https:\/\/visitplentzia.eus\/fr\/wp-json\/wp\/v2\/media?parent=8107"}],"wp:term":[{"taxonomy":"category","embeddable":true,"href":"https:\/\/visitplentzia.eus\/fr\/wp-json\/wp\/v2\/categories?post=8107"},{"taxonomy":"post_tag","embeddable":true,"href":"https:\/\/visitplentzia.eus\/fr\/wp-json\/wp\/v2\/tags?post=8107"}],"curies":[{"name":"wp","href":"https:\/\/api.w.org\/{rel}","templated":true}]}}